{ "posts": [{"id":"giovanna-marini-la-manifestazione-in-cui-mori-zibecchi-radio-libera","buy_url":"","publish_on":"2020-05-05 00:00:00","created_at":"2020-05-05 17:54:52","updated_at":"2020-05-05 17:54:52","href":"https:\/\/www.musiqueapproximative.net\/post\/giovanna-marini-la-manifestazione-in-cui-mori-zibecchi-radio-libera?format=json","body":{"html":"<p>big up \u00e0 Giovanna Marini sp\u00e9cialiste de la recherche et de l&#039;ex\u00e9cution de la tradition musicale populaire italienne<\/p>\n","markdown":"big up \u00e0 Giovanna Marini sp\u00e9cialiste de la recherche et de l&#039;ex\u00e9cution de la tradition musicale populaire italienne"},"track":{"href":"https:\/\/www.musiqueapproximative.net\/tracks\/giovanna-marini-la-manifestazione-in-cui-mori-zibecchi-radio-libera.mp3","title":"La manifestazione in cui mor\u00ec Zibecchi - Radio Libera","author":"Giovanna Marini","md5":""},"contributor":{"name":"Pomme Deter","slug":"pommedeter","href_website":""},"links":{"post_previous":"https:\/\/www.musiqueapproximative.net\/post\/les-chevals-hongrois-bibinet?format=json","post_next":"https:\/\/www.musiqueapproximative.net\/post\/bruchotin-automatic-band-siluetes-61-adam-s-apple-vsichni-praznj?format=json","contributor_playlist":"https:\/\/www.musiqueapproximative.net\/posts?c=pommedeter&format=json","avatar":"https:\/\/www.musiqueapproximative.net\/avatars\/giovanna-marini-la-manifestazione-in-cui-mori-zibecchi-radio-libera.png"}}] }